{"id":449,"date":"2026-08-24T10:34:57","date_gmt":"2026-08-24T13:34:57","guid":{"rendered":"https:\/\/aloalagoas.com.br\/?p=449"},"modified":"2026-08-24T10:34:57","modified_gmt":"2026-08-24T13:34:57","slug":"justica-eleitoral-rejeita-recurso-e-mantem-pablo-marcal-inelegivel","status":"publish","type":"post","link":"https:\/\/aloalagoas.com.br\/?p=449","title":{"rendered":"Justi\u00e7a Eleitoral rejeita recurso e mant\u00e9m Pablo Mar\u00e7al ineleg\u00edvel"},"content":{"rendered":"\n<p class=\"wp-block-paragraph\">O presidente do TRE-SP, Jos\u00e9 Antonio Encinas Manfr\u00e9, rejeitou os recursos apresentados pela defesa de Pablo Mar\u00e7al e pelo Minist\u00e9rio P\u00fablico Eleitoral. A decis\u00e3o mant\u00e9m a condena\u00e7\u00e3o do empres\u00e1rio por uso indevido dos meios de comunica\u00e7\u00e3o nas elei\u00e7\u00f5es de 2024. Com isso, permanecem a inelegibilidade e a multa de R$ 420 mil.<\/p>\n\n\n\n<p class=\"wp-block-paragraph\">Mar\u00e7al havia sido condenado em abril de 2025 ap\u00f3s acusa\u00e7\u00e3o do PSB sobre impulsionamento il\u00edcito de sua candidatura. O caso envolve um concurso criado pelo empres\u00e1rio para incentivar a publica\u00e7\u00e3o de &#8220;cortes&#8221; de v\u00eddeos dele nas redes sociais. Os participantes receberiam pagamento pela divulga\u00e7\u00e3o dos conte\u00fados.<\/p>\n\n\n\n<p class=\"wp-block-paragraph\">A defesa sustentou que n\u00e3o existiam provas suficientes para manter a condena\u00e7\u00e3o e negou a comprova\u00e7\u00e3o de propaganda eleitoral ou pagamentos. Os advogados tamb\u00e9m disseram que Mar\u00e7al n\u00e3o deveria responder por a\u00e7\u00f5es de terceiros e questionaram a decis\u00e3o do TRE-SP de impedir a produ\u00e7\u00e3o de determinadas provas. Para Encinas Manfr\u00e9, por\u00e9m, a defesa n\u00e3o apontou preju\u00edzo causado pelo indeferimento nem contestou os fundamentos da condena\u00e7\u00e3o.<\/p>\n\n\n\n<p class=\"wp-block-paragraph\">O Minist\u00e9rio P\u00fablico Eleitoral tamb\u00e9m havia recorrido, mas por outro motivo, ao pedir condena\u00e7\u00f5es por abuso de poder econ\u00f4mico e capta\u00e7\u00e3o e gastos il\u00edcitos de recursos. O \u00f3rg\u00e3o sustentou que pessoas teriam sido remuneradas para produzir e divulgar conte\u00fados de Mar\u00e7al. Segundo o MP, os pagamentos teriam sido realizados de maneira a dificultar a fiscaliza\u00e7\u00e3o eleitoral.<br><br>Fonte :Agora Alagoas<\/p>\n\n\n\n<p class=\"wp-block-paragraph\"><\/p>\n","protected":false},"excerpt":{"rendered":"<p>O presidente do TRE-SP, Jos\u00e9 Antonio Encinas Manfr\u00e9, rejeitou os recursos apresentados pela defesa de Pablo Mar\u00e7al e pelo Minist\u00e9rio P\u00fablico Eleitoral. A decis\u00e3o mant\u00e9m a condena\u00e7\u00e3o do empres\u00e1rio por uso indevido dos meios de comunica\u00e7\u00e3o nas elei\u00e7\u00f5es de 2024. Com isso, permanecem a inelegibilidade e a multa de R$ 420 mil. Mar\u00e7al havia sido [&hellip;]<\/p>\n","protected":false},"author":2,"featured_media":450,"comment_status":"closed","ping_status":"open","sticky":false,"template":"","format":"standard","meta":{"footnotes":""},"categories":[21,22],"tags":[],"class_list":["post-449","post","type-post","status-publish","format-standard","has-post-thumbnail","hentry","category-destaque","category-politica"],"views":9,"_links":{"self":[{"href":"https:\/\/aloalagoas.com.br\/index.php?rest_route=\/wp\/v2\/posts\/449","targetHints":{"allow":["GET"]}}],"collection":[{"href":"https:\/\/aloalagoas.com.br\/index.php?rest_route=\/wp\/v2\/posts"}],"about":[{"href":"https:\/\/aloalagoas.com.br\/index.php?rest_route=\/wp\/v2\/types\/post"}],"author":[{"embeddable":true,"href":"https:\/\/aloalagoas.com.br\/index.php?rest_route=\/wp\/v2\/users\/2"}],"replies":[{"embeddable":true,"href":"https:\/\/aloalagoas.com.br\/index.php?rest_route=%2Fwp%2Fv2%2Fcomments&post=449"}],"version-history":[{"count":1,"href":"https:\/\/aloalagoas.com.br\/index.php?rest_route=\/wp\/v2\/posts\/449\/revisions"}],"predecessor-version":[{"id":451,"href":"https:\/\/aloalagoas.com.br\/index.php?rest_route=\/wp\/v2\/posts\/449\/revisions\/451"}],"wp:featuredmedia":[{"embeddable":true,"href":"https:\/\/aloalagoas.com.br\/index.php?rest_route=\/wp\/v2\/media\/450"}],"wp:attachment":[{"href":"https:\/\/aloalagoas.com.br\/index.php?rest_route=%2Fwp%2Fv2%2Fmedia&parent=449"}],"wp:term":[{"taxonomy":"category","embeddable":true,"href":"https:\/\/aloalagoas.com.br\/index.php?rest_route=%2Fwp%2Fv2%2Fcategories&post=449"},{"taxonomy":"post_tag","embeddable":true,"href":"https:\/\/aloalagoas.com.br\/index.php?rest_route=%2Fwp%2Fv2%2Ftags&post=449"}],"curies":[{"name":"wp","href":"https:\/\/api.w.org\/{rel}","templated":true}]}}