{"id":452,"date":"2026-08-24T10:39:19","date_gmt":"2026-08-24T13:39:19","guid":{"rendered":"https:\/\/aloalagoas.com.br\/?p=452"},"modified":"2026-08-24T10:39:19","modified_gmt":"2026-08-24T13:39:19","slug":"lula-defende-investigacao-e-diz-que-filho-deve-responder-por-eventuais-erros-ninguem-esta-imune","status":"publish","type":"post","link":"https:\/\/aloalagoas.com.br\/?p=452","title":{"rendered":"Lula defende investiga\u00e7\u00e3o e diz que filho deve responder por eventuais erros: &#8220;Ningu\u00e9m est\u00e1 imune\u201d"},"content":{"rendered":"\n<p class=\"wp-block-paragraph\">O presidente Luiz In\u00e1cio Lula da Silva afirmou, em entrevista \u00e0 TV Record neste domingo (23), que seu filho deve ser investigado e responsabilizado caso tenha cometido alguma irregularidade. Lula declarou que n\u00e3o interfere em investiga\u00e7\u00f5es e defendeu que qualquer pessoa envolvida em suspeitas tenha o direito de provar sua inoc\u00eancia.<\/p>\n\n\n\n<p class=\"wp-block-paragraph\">\u201cEu n\u00e3o sou juiz. Eu n\u00e3o sou procurador, nem sou delegado. Eu sou o presidente da Rep\u00fablica\u201d, afirmou. Segundo Lula, investiga\u00e7\u00f5es devem ocorrer sem interfer\u00eancia do governo e, caso sejam comprovados preju\u00edzos aos cofres p\u00fablicos, os respons\u00e1veis dever\u00e3o responder pelos atos.<\/p>\n\n\n\n<p class=\"wp-block-paragraph\">O presidente tamb\u00e9m pediu cautela diante de informa\u00e7\u00f5es que considera \u201cila\u00e7\u00f5es\u201d e afirmou que pessoas acusadas devem se defender e apresentar provas. Lula ressaltou que essa posi\u00e7\u00e3o vale para qualquer cidad\u00e3o, inclusive para seu pr\u00f3prio filho.<\/p>\n\n\n\n<p class=\"wp-block-paragraph\">\u201cMeu filho sabe, se cometeu erro, ele vai ser julgado, vai ser punido ou vai ser inocentado. Mas ele tem que provar a inoc\u00eancia dele\u201d, disse. Lula ainda afirmou que o filho deve se manifestar publicamente sobre as acusa\u00e7\u00f5es e recorrer \u00e0 Justi\u00e7a caso considere que esteja sendo injustamente acusado.<br><br>Fonte: Agora Alagoas<\/p>\n","protected":false},"excerpt":{"rendered":"<p>O presidente Luiz In\u00e1cio Lula da Silva afirmou, em entrevista \u00e0 TV Record neste domingo (23), que seu filho deve ser investigado e responsabilizado caso tenha cometido alguma irregularidade. Lula declarou que n\u00e3o interfere em investiga\u00e7\u00f5es e defendeu que qualquer pessoa envolvida em suspeitas tenha o direito de provar sua inoc\u00eancia. \u201cEu n\u00e3o sou juiz. [&hellip;]<\/p>\n","protected":false},"author":2,"featured_media":453,"comment_status":"closed","ping_status":"open","sticky":false,"template":"","format":"standard","meta":{"footnotes":""},"categories":[21,22],"tags":[],"class_list":["post-452","post","type-post","status-publish","format-standard","has-post-thumbnail","hentry","category-destaque","category-politica"],"views":9,"_links":{"self":[{"href":"https:\/\/aloalagoas.com.br\/index.php?rest_route=\/wp\/v2\/posts\/452","targetHints":{"allow":["GET"]}}],"collection":[{"href":"https:\/\/aloalagoas.com.br\/index.php?rest_route=\/wp\/v2\/posts"}],"about":[{"href":"https:\/\/aloalagoas.com.br\/index.php?rest_route=\/wp\/v2\/types\/post"}],"author":[{"embeddable":true,"href":"https:\/\/aloalagoas.com.br\/index.php?rest_route=\/wp\/v2\/users\/2"}],"replies":[{"embeddable":true,"href":"https:\/\/aloalagoas.com.br\/index.php?rest_route=%2Fwp%2Fv2%2Fcomments&post=452"}],"version-history":[{"count":1,"href":"https:\/\/aloalagoas.com.br\/index.php?rest_route=\/wp\/v2\/posts\/452\/revisions"}],"predecessor-version":[{"id":454,"href":"https:\/\/aloalagoas.com.br\/index.php?rest_route=\/wp\/v2\/posts\/452\/revisions\/454"}],"wp:featuredmedia":[{"embeddable":true,"href":"https:\/\/aloalagoas.com.br\/index.php?rest_route=\/wp\/v2\/media\/453"}],"wp:attachment":[{"href":"https:\/\/aloalagoas.com.br\/index.php?rest_route=%2Fwp%2Fv2%2Fmedia&parent=452"}],"wp:term":[{"taxonomy":"category","embeddable":true,"href":"https:\/\/aloalagoas.com.br\/index.php?rest_route=%2Fwp%2Fv2%2Fcategories&post=452"},{"taxonomy":"post_tag","embeddable":true,"href":"https:\/\/aloalagoas.com.br\/index.php?rest_route=%2Fwp%2Fv2%2Ftags&post=452"}],"curies":[{"name":"wp","href":"https:\/\/api.w.org\/{rel}","templated":true}]}}