{"id":456,"date":"2026-08-24T10:43:01","date_gmt":"2026-08-24T13:43:01","guid":{"rendered":"https:\/\/aloalagoas.com.br\/?p=456"},"modified":"2026-08-24T10:43:01","modified_gmt":"2026-08-24T13:43:01","slug":"braskem-pede-recuperacao-extrajudicial-em-meio-a-crise-bilionaria-e-pressao-de-credores","status":"publish","type":"post","link":"https:\/\/aloalagoas.com.br\/?p=456","title":{"rendered":"Braskem pede recupera\u00e7\u00e3o extrajudicial em meio a crise bilion\u00e1ria e press\u00e3o de credores"},"content":{"rendered":"\n<p class=\"wp-block-paragraph\">A Braskem entrou com pedido de recupera\u00e7\u00e3o extrajudicial na Justi\u00e7a de S\u00e3o Paulo nesta segunda-feira (24), em meio a dificuldades para reorganizar as d\u00edvidas. O mecanismo permite que a empresa negocie diretamente com os credores e, depois, leve o acordo \u00e0 Justi\u00e7a para homologa\u00e7\u00e3o. Caso n\u00e3o consiga o apoio necess\u00e1rio, o processo pode ser convertido em recupera\u00e7\u00e3o judicial.<\/p>\n\n\n\n<p class=\"wp-block-paragraph\">A empresa j\u00e1 vinha negociando uma reestrutura\u00e7\u00e3o com os credores h\u00e1 pouco mais de um m\u00eas. Em junho, as ag\u00eancias Fitch e S&amp;P Global rebaixaram a classifica\u00e7\u00e3o dos pap\u00e9is da Braskem, citando o alto endividamento e as dificuldades financeiras. O per\u00edodo de 60 dias de prote\u00e7\u00e3o contra cobran\u00e7as e execu\u00e7\u00f5es de credores terminou nesta segunda-feira sem um acordo fechado.<\/p>\n\n\n\n<p class=\"wp-block-paragraph\">Segundo a apura\u00e7\u00e3o da CNN, os bancos cobraram garantias envolvendo ativos da pr\u00f3pria empresa e a contrata\u00e7\u00e3o de um empr\u00e9stimo de US$ 700 milh\u00f5es, proposta que foi recusada pela Braskem. Uma proposta apresentada pela controladora IG4 prev\u00ea o prazo de cinco anos para o pagamento das d\u00edvidas e 30 meses de car\u00eancia de juros, sem redu\u00e7\u00e3o do valor principal ou troca da d\u00edvida por participa\u00e7\u00e3o na empresa.<\/p>\n\n\n\n<p class=\"wp-block-paragraph\">A situa\u00e7\u00e3o ocorre em um cen\u00e1rio dif\u00edcil para a companhia e para o setor petroqu\u00edmico, que enfrenta excesso de oferta, margens menores e demanda fraca. Em Alagoas, a Braskem tamb\u00e9m carrega um passivo bilion\u00e1rio relacionado ao afundamento do solo causado pela explora\u00e7\u00e3o de sal-gema, que afetou cerca de 60 mil pessoas e levou \u00e0 condena\u00e7\u00e3o de aproximadamente 14 mil im\u00f3veis. A empresa ainda enfrenta os impactos do aumento dos juros e da d\u00edvida em moeda estrangeira. Na semana passada, a Braskem Idesa, joint venture da companhia no M\u00e9xico, tamb\u00e9m entrou com pedido de recupera\u00e7\u00e3o judicial nos Estados Unidos, pelo chamado Chapter 11.<br><br>Fonte: Agora Alagoas<\/p>\n","protected":false},"excerpt":{"rendered":"<p>A Braskem entrou com pedido de recupera\u00e7\u00e3o extrajudicial na Justi\u00e7a de S\u00e3o Paulo nesta segunda-feira (24), em meio a dificuldades para reorganizar as d\u00edvidas. O mecanismo permite que a empresa negocie diretamente com os credores e, depois, leve o acordo \u00e0 Justi\u00e7a para homologa\u00e7\u00e3o. Caso n\u00e3o consiga o apoio necess\u00e1rio, o processo pode ser convertido [&hellip;]<\/p>\n","protected":false},"author":2,"featured_media":457,"comment_status":"closed","ping_status":"open","sticky":false,"template":"","format":"standard","meta":{"footnotes":""},"categories":[13,21,12],"tags":[],"class_list":["post-456","post","type-post","status-publish","format-standard","has-post-thumbnail","hentry","category-alagoas","category-destaque","category-maceio"],"views":11,"_links":{"self":[{"href":"https:\/\/aloalagoas.com.br\/index.php?rest_route=\/wp\/v2\/posts\/456","targetHints":{"allow":["GET"]}}],"collection":[{"href":"https:\/\/aloalagoas.com.br\/index.php?rest_route=\/wp\/v2\/posts"}],"about":[{"href":"https:\/\/aloalagoas.com.br\/index.php?rest_route=\/wp\/v2\/types\/post"}],"author":[{"embeddable":true,"href":"https:\/\/aloalagoas.com.br\/index.php?rest_route=\/wp\/v2\/users\/2"}],"replies":[{"embeddable":true,"href":"https:\/\/aloalagoas.com.br\/index.php?rest_route=%2Fwp%2Fv2%2Fcomments&post=456"}],"version-history":[{"count":1,"href":"https:\/\/aloalagoas.com.br\/index.php?rest_route=\/wp\/v2\/posts\/456\/revisions"}],"predecessor-version":[{"id":458,"href":"https:\/\/aloalagoas.com.br\/index.php?rest_route=\/wp\/v2\/posts\/456\/revisions\/458"}],"wp:featuredmedia":[{"embeddable":true,"href":"https:\/\/aloalagoas.com.br\/index.php?rest_route=\/wp\/v2\/media\/457"}],"wp:attachment":[{"href":"https:\/\/aloalagoas.com.br\/index.php?rest_route=%2Fwp%2Fv2%2Fmedia&parent=456"}],"wp:term":[{"taxonomy":"category","embeddable":true,"href":"https:\/\/aloalagoas.com.br\/index.php?rest_route=%2Fwp%2Fv2%2Fcategories&post=456"},{"taxonomy":"post_tag","embeddable":true,"href":"https:\/\/aloalagoas.com.br\/index.php?rest_route=%2Fwp%2Fv2%2Ftags&post=456"}],"curies":[{"name":"wp","href":"https:\/\/api.w.org\/{rel}","templated":true}]}}