{"id":459,"date":"2026-08-24T10:47:08","date_gmt":"2026-08-24T13:47:08","guid":{"rendered":"https:\/\/aloalagoas.com.br\/?p=459"},"modified":"2026-08-24T10:47:08","modified_gmt":"2026-08-24T13:47:08","slug":"samara-martins-up-chega-a-alagoas-nesta-quarta-feira-26-sera-a-terceira-presidenciavel-a-visitar-o-estado-nas-eleicoes","status":"publish","type":"post","link":"https:\/\/aloalagoas.com.br\/?p=459","title":{"rendered":"Samara Martins (UP) chega a Alagoas nesta quarta-feira (26); ser\u00e1 a terceira presidenci\u00e1vel a visitar o estado nas elei\u00e7\u00f5es"},"content":{"rendered":"\n<p class=\"wp-block-paragraph\">A candidata \u00e0 Presid\u00eancia da Rep\u00fablica Samara, da Unidade Popular (UP), estar\u00e1 em Alagoas nesta quarta-feira (26) para cumprir uma s\u00e9rie de compromissos em Macei\u00f3. A agenda come\u00e7a \u00e0s 10h, com participa\u00e7\u00e3o em um evento na Universidade Federal de Alagoas (Ufal).<\/p>\n\n\n\n<p class=\"wp-block-paragraph\">No per\u00edodo da tarde, \u00e0s 16h, a presidenci\u00e1vel seguir\u00e1 para o Vergel do Lago, onde deve participar de atividades com moradores e apoiadores. Depois, Samara encerra a agenda no bairro da Paju\u00e7ara, na capital alagoana.<\/p>\n\n\n\n<p class=\"wp-block-paragraph\">Com a visita, Samara ser\u00e1 a terceira presidenci\u00e1vel a passar por Alagoas durante a atual corrida eleitoral. O primeiro foi Renan Santos, do Miss\u00e3o, que esteve no estado na \u00faltima quinta-feira (20), quando participou de encontros com apoiadores e concedeu declara\u00e7\u00f5es sobre suas propostas.<\/p>\n\n\n\n<p class=\"wp-block-paragraph\">Antes de Samara, o senador Fl\u00e1vio Bolsonaro tamb\u00e9m estar\u00e1 em Alagoas. O pr\u00e9-candidato chega ao estado nesta ter\u00e7a-feira, \u00e0s 10h, para cumprir compromissos pol\u00edticos. A sequ\u00eancia de visitas aumenta a movimenta\u00e7\u00e3o eleitoral no estado antes do in\u00edcio oficial da campanha.<br><br>Fonte: Agora Alagoas<\/p>\n","protected":false},"excerpt":{"rendered":"<p>A candidata \u00e0 Presid\u00eancia da Rep\u00fablica Samara, da Unidade Popular (UP), estar\u00e1 em Alagoas nesta quarta-feira (26) para cumprir uma s\u00e9rie de compromissos em Macei\u00f3. A agenda come\u00e7a \u00e0s 10h, com participa\u00e7\u00e3o em um evento na Universidade Federal de Alagoas (Ufal). No per\u00edodo da tarde, \u00e0s 16h, a presidenci\u00e1vel seguir\u00e1 para o Vergel do Lago, [&hellip;]<\/p>\n","protected":false},"author":2,"featured_media":460,"comment_status":"closed","ping_status":"open","sticky":false,"template":"","format":"standard","meta":{"footnotes":""},"categories":[21,22],"tags":[],"class_list":["post-459","post","type-post","status-publish","format-standard","has-post-thumbnail","hentry","category-destaque","category-politica"],"views":9,"_links":{"self":[{"href":"https:\/\/aloalagoas.com.br\/index.php?rest_route=\/wp\/v2\/posts\/459","targetHints":{"allow":["GET"]}}],"collection":[{"href":"https:\/\/aloalagoas.com.br\/index.php?rest_route=\/wp\/v2\/posts"}],"about":[{"href":"https:\/\/aloalagoas.com.br\/index.php?rest_route=\/wp\/v2\/types\/post"}],"author":[{"embeddable":true,"href":"https:\/\/aloalagoas.com.br\/index.php?rest_route=\/wp\/v2\/users\/2"}],"replies":[{"embeddable":true,"href":"https:\/\/aloalagoas.com.br\/index.php?rest_route=%2Fwp%2Fv2%2Fcomments&post=459"}],"version-history":[{"count":1,"href":"https:\/\/aloalagoas.com.br\/index.php?rest_route=\/wp\/v2\/posts\/459\/revisions"}],"predecessor-version":[{"id":461,"href":"https:\/\/aloalagoas.com.br\/index.php?rest_route=\/wp\/v2\/posts\/459\/revisions\/461"}],"wp:featuredmedia":[{"embeddable":true,"href":"https:\/\/aloalagoas.com.br\/index.php?rest_route=\/wp\/v2\/media\/460"}],"wp:attachment":[{"href":"https:\/\/aloalagoas.com.br\/index.php?rest_route=%2Fwp%2Fv2%2Fmedia&parent=459"}],"wp:term":[{"taxonomy":"category","embeddable":true,"href":"https:\/\/aloalagoas.com.br\/index.php?rest_route=%2Fwp%2Fv2%2Fcategories&post=459"},{"taxonomy":"post_tag","embeddable":true,"href":"https:\/\/aloalagoas.com.br\/index.php?rest_route=%2Fwp%2Fv2%2Ftags&post=459"}],"curies":[{"name":"wp","href":"https:\/\/api.w.org\/{rel}","templated":true}]}}