{"id":463,"date":"2026-08-26T11:10:12","date_gmt":"2026-08-26T14:10:12","guid":{"rendered":"https:\/\/aloalagoas.com.br\/?p=463"},"modified":"2026-08-26T11:10:12","modified_gmt":"2026-08-26T14:10:12","slug":"lula-deixa-entrevista-sem-responder-perguntas-sobre-lulinha-e-marcola","status":"publish","type":"post","link":"https:\/\/aloalagoas.com.br\/?p=463","title":{"rendered":"Lula deixa entrevista sem responder perguntas sobre Lulinha e Marcola"},"content":{"rendered":"\n<p class=\"wp-block-paragraph\">O presidente Luiz In\u00e1cio Lula da Silva (PT) n\u00e3o respondeu aos questionamentos sobre poss\u00edveis reflexos, em sua campanha eleitoral, das investiga\u00e7\u00f5es envolvendo seu filho, F\u00e1bio Lu\u00eds Lula da Silva, o Lulinha, e seu ex-chefe de gabinete, Marco Aur\u00e9lio Santana Ribeiro, conhecido como Marcola.<\/p>\n\n\n\n<p class=\"wp-block-paragraph\">Lula conversou com jornalistas nesta ter\u00e7a-feira (25), ap\u00f3s participar de uma cerim\u00f4nia em homenagem ao Dia do Soldado, realizada no Quartel-General do Ex\u00e9rcito, em Bras\u00edlia. O presidente foi perguntado se os casos poderiam prejudicar sua campanha e se estaria decepcionado com o ex-auxiliar.<\/p>\n\n\n\n<p class=\"wp-block-paragraph\">Sem comentar as perguntas, Lula falou apenas brevemente sobre o evento e voltou a abordar temas presentes em seus discursos das \u00faltimas semanas. Em seguida, deixou o local sem responder aos demais questionamentos da imprensa.<br>Fonte:Agora Alagoas <\/p>\n","protected":false},"excerpt":{"rendered":"<p>O presidente Luiz In\u00e1cio Lula da Silva (PT) n\u00e3o respondeu aos questionamentos sobre poss\u00edveis reflexos, em sua campanha eleitoral, das investiga\u00e7\u00f5es envolvendo seu filho, F\u00e1bio Lu\u00eds Lula da Silva, o Lulinha, e seu ex-chefe de gabinete, Marco Aur\u00e9lio Santana Ribeiro, conhecido como Marcola. Lula conversou com jornalistas nesta ter\u00e7a-feira (25), ap\u00f3s participar de uma cerim\u00f4nia [&hellip;]<\/p>\n","protected":false},"author":2,"featured_media":464,"comment_status":"closed","ping_status":"open","sticky":false,"template":"","format":"standard","meta":{"footnotes":""},"categories":[21,22],"tags":[],"class_list":["post-463","post","type-post","status-publish","format-standard","has-post-thumbnail","hentry","category-destaque","category-politica"],"views":8,"_links":{"self":[{"href":"https:\/\/aloalagoas.com.br\/index.php?rest_route=\/wp\/v2\/posts\/463","targetHints":{"allow":["GET"]}}],"collection":[{"href":"https:\/\/aloalagoas.com.br\/index.php?rest_route=\/wp\/v2\/posts"}],"about":[{"href":"https:\/\/aloalagoas.com.br\/index.php?rest_route=\/wp\/v2\/types\/post"}],"author":[{"embeddable":true,"href":"https:\/\/aloalagoas.com.br\/index.php?rest_route=\/wp\/v2\/users\/2"}],"replies":[{"embeddable":true,"href":"https:\/\/aloalagoas.com.br\/index.php?rest_route=%2Fwp%2Fv2%2Fcomments&post=463"}],"version-history":[{"count":1,"href":"https:\/\/aloalagoas.com.br\/index.php?rest_route=\/wp\/v2\/posts\/463\/revisions"}],"predecessor-version":[{"id":465,"href":"https:\/\/aloalagoas.com.br\/index.php?rest_route=\/wp\/v2\/posts\/463\/revisions\/465"}],"wp:featuredmedia":[{"embeddable":true,"href":"https:\/\/aloalagoas.com.br\/index.php?rest_route=\/wp\/v2\/media\/464"}],"wp:attachment":[{"href":"https:\/\/aloalagoas.com.br\/index.php?rest_route=%2Fwp%2Fv2%2Fmedia&parent=463"}],"wp:term":[{"taxonomy":"category","embeddable":true,"href":"https:\/\/aloalagoas.com.br\/index.php?rest_route=%2Fwp%2Fv2%2Fcategories&post=463"},{"taxonomy":"post_tag","embeddable":true,"href":"https:\/\/aloalagoas.com.br\/index.php?rest_route=%2Fwp%2Fv2%2Ftags&post=463"}],"curies":[{"name":"wp","href":"https:\/\/api.w.org\/{rel}","templated":true}]}}