{"id":472,"date":"2026-08-26T11:19:57","date_gmt":"2026-08-26T14:19:57","guid":{"rendered":"https:\/\/aloalagoas.com.br\/?p=472"},"modified":"2026-08-26T11:19:57","modified_gmt":"2026-08-26T14:19:57","slug":"lula-se-reune-com-presidentes-da-camara-e-do-senado-para-discutir-fim-da-taxa-das-blusinhas","status":"publish","type":"post","link":"https:\/\/aloalagoas.com.br\/?p=472","title":{"rendered":"Lula se re\u00fane com presidentes da C\u00e2mara e do Senado para discutir fim da &#8220;Taxa das blusinhas&#8221;"},"content":{"rendered":"\n<p class=\"wp-block-paragraph\">O presidente Luiz In\u00e1cio Lula da Silva (PT) deve se reunir nesta quarta-feira (26) com os presidentes da C\u00e2mara, Hugo Motta (Republicanos-PB), e do Senado, Davi Alcolumbre (Uni\u00e3o-AP), no Pal\u00e1cio da Alvorada. O principal assunto ser\u00e1 a medida que suspendeu a chamada \u201ctaxa das blusinhas\u201d, mas outras propostas de interesse do governo tamb\u00e9m devem ser discutidas.<\/p>\n\n\n\n<p class=\"wp-block-paragraph\">A medida provis\u00f3ria que suspendeu a cobran\u00e7a de 20% de imposto de importa\u00e7\u00e3o sobre compras internacionais de at\u00e9 US$ 50 perde a validade em 8 de setembro. Por isso, precisa ser analisada pela C\u00e2mara e pelo Senado durante a semana de esfor\u00e7o concentrado do Congresso, entre 31 de agosto e 4 de setembro. O objetivo \u00e9 definir um cronograma para acelerar a vota\u00e7\u00e3o.<\/p>\n\n\n\n<p class=\"wp-block-paragraph\">A PEC da Seguran\u00e7a P\u00fablica tamb\u00e9m deve entrar na pauta. A proposta, aprovada pela C\u00e2mara, est\u00e1 em an\u00e1lise no Senado e prev\u00ea, entre outras medidas, dar status constitucional ao Sistema \u00danico de Seguran\u00e7a P\u00fablica (Susp) e aos fundos nacionais de Seguran\u00e7a P\u00fablica e Penitenci\u00e1rio.<\/p>\n\n\n\n<p class=\"wp-block-paragraph\">Outro tema esperado na reuni\u00e3o \u00e9 o fim da escala 6&#215;1. A proposta foi aprovada pela C\u00e2mara em maio e est\u00e1 parada no Senado. Alcolumbre vinha sinalizando que a discuss\u00e3o poderia ficar para depois das elei\u00e7\u00f5es, mas o governo busca definir um cronograma para acelerar a tramita\u00e7\u00e3o.<\/p>\n\n\n\n<p class=\"wp-block-paragraph\">Entre outras pautas de interesse do Planalto est\u00e3o a Pol\u00edtica Nacional de Minerais Cr\u00edticos e Estrat\u00e9gicos e o projeto que prev\u00ea redu\u00e7\u00e3o ou suspens\u00e3o de impostos federais sobre combust\u00edveis em per\u00edodos de forte alta do petr\u00f3leo.<\/p>\n\n\n\n<p class=\"wp-block-paragraph\">A reuni\u00e3o tamb\u00e9m ocorre ap\u00f3s meses de tens\u00e3o entre Lula e Alcolumbre. A rela\u00e7\u00e3o entre os dois se desgastou ap\u00f3s o Senado rejeitar a indica\u00e7\u00e3o de Jorge Messias ao Supremo Tribunal Federal. O di\u00e1logo foi retomado ap\u00f3s um encontro entre os dois no in\u00edcio de agosto.<br><br>Fonte: Agora Alagoas<\/p>\n","protected":false},"excerpt":{"rendered":"<p>O presidente Luiz In\u00e1cio Lula da Silva (PT) deve se reunir nesta quarta-feira (26) com os presidentes da C\u00e2mara, Hugo Motta (Republicanos-PB), e do Senado, Davi Alcolumbre (Uni\u00e3o-AP), no Pal\u00e1cio da Alvorada. O principal assunto ser\u00e1 a medida que suspendeu a chamada \u201ctaxa das blusinhas\u201d, mas outras propostas de interesse do governo tamb\u00e9m devem ser [&hellip;]<\/p>\n","protected":false},"author":2,"featured_media":473,"comment_status":"closed","ping_status":"open","sticky":false,"template":"","format":"standard","meta":{"footnotes":""},"categories":[21,22],"tags":[],"class_list":["post-472","post","type-post","status-publish","format-standard","has-post-thumbnail","hentry","category-destaque","category-politica"],"views":9,"_links":{"self":[{"href":"https:\/\/aloalagoas.com.br\/index.php?rest_route=\/wp\/v2\/posts\/472","targetHints":{"allow":["GET"]}}],"collection":[{"href":"https:\/\/aloalagoas.com.br\/index.php?rest_route=\/wp\/v2\/posts"}],"about":[{"href":"https:\/\/aloalagoas.com.br\/index.php?rest_route=\/wp\/v2\/types\/post"}],"author":[{"embeddable":true,"href":"https:\/\/aloalagoas.com.br\/index.php?rest_route=\/wp\/v2\/users\/2"}],"replies":[{"embeddable":true,"href":"https:\/\/aloalagoas.com.br\/index.php?rest_route=%2Fwp%2Fv2%2Fcomments&post=472"}],"version-history":[{"count":1,"href":"https:\/\/aloalagoas.com.br\/index.php?rest_route=\/wp\/v2\/posts\/472\/revisions"}],"predecessor-version":[{"id":474,"href":"https:\/\/aloalagoas.com.br\/index.php?rest_route=\/wp\/v2\/posts\/472\/revisions\/474"}],"wp:featuredmedia":[{"embeddable":true,"href":"https:\/\/aloalagoas.com.br\/index.php?rest_route=\/wp\/v2\/media\/473"}],"wp:attachment":[{"href":"https:\/\/aloalagoas.com.br\/index.php?rest_route=%2Fwp%2Fv2%2Fmedia&parent=472"}],"wp:term":[{"taxonomy":"category","embeddable":true,"href":"https:\/\/aloalagoas.com.br\/index.php?rest_route=%2Fwp%2Fv2%2Fcategories&post=472"},{"taxonomy":"post_tag","embeddable":true,"href":"https:\/\/aloalagoas.com.br\/index.php?rest_route=%2Fwp%2Fv2%2Ftags&post=472"}],"curies":[{"name":"wp","href":"https:\/\/api.w.org\/{rel}","templated":true}]}}