{"id":475,"date":"2026-08-26T11:32:07","date_gmt":"2026-08-26T14:32:07","guid":{"rendered":"https:\/\/aloalagoas.com.br\/?p=475"},"modified":"2026-08-26T11:32:07","modified_gmt":"2026-08-26T14:32:07","slug":"flavio-bolsonaro-e-homenageado-com-titulo-de-cidadao-honorario-de-maceio","status":"publish","type":"post","link":"https:\/\/aloalagoas.com.br\/?p=475","title":{"rendered":"Fl\u00e1vio Bolsonaro \u00e9 homenageado com t\u00edtulo de Cidad\u00e3o Honor\u00e1rio de Macei\u00f3"},"content":{"rendered":"\n<p class=\"wp-block-paragraph\">O candidato \u00e0 Presid\u00eancia da Rep\u00fablica Fl\u00e1vio Bolsonaro (PL) recebeu, nesta ter\u00e7a-feira (25), o t\u00edtulo de Cidad\u00e3o Honor\u00e1rio de Macei\u00f3 durante evento realizado na Associa\u00e7\u00e3o Comercial, no bairro de Jaragu\u00e1. A honraria foi concedida por iniciativa do vereador Leonardo Dias (PL), autor do projeto aprovado pela C\u00e2mara Municipal em mar\u00e7o de 2026.<\/p>\n\n\n\n<p class=\"wp-block-paragraph\">Segundo Leonardo Dias, a homenagem tem car\u00e1ter simb\u00f3lico e reconhece a atua\u00e7\u00e3o pol\u00edtica de Fl\u00e1vio Bolsonaro e a representatividade de suas pautas entre parte dos maceioenses. O vereador tamb\u00e9m citou o desempenho eleitoral do ex-presidente Jair Bolsonaro na capital como um dos elementos de alinhamento pol\u00edtico local.<\/p>\n\n\n\n<p class=\"wp-block-paragraph\">A concess\u00e3o do t\u00edtulo, no entanto, foi questionada pela oposi\u00e7\u00e3o na C\u00e2mara. A vereadora Teca Nelma criticou a homenagem e levantou d\u00favidas sobre contribui\u00e7\u00f5es pr\u00e1ticas de Fl\u00e1vio Bolsonaro para Macei\u00f3, como a destina\u00e7\u00e3o de recursos para obras e servi\u00e7os p\u00fablicos.<\/p>\n\n\n\n<p class=\"wp-block-paragraph\">O t\u00edtulo de Cidad\u00e3o Honor\u00e1rio \u00e9 uma honraria concedida pela C\u00e2mara Municipal a pessoas que tenham prestado servi\u00e7os considerados relevantes ao munic\u00edpio. A entrega a Fl\u00e1vio ocorreu no mesmo local onde Leonardo Dias j\u00e1 havia homenageado o ex-presidente Jair Bolsonaro.<br><br>Fonte: Agora Alagoas<\/p>\n\n\n\n<p class=\"wp-block-paragraph\"><\/p>\n","protected":false},"excerpt":{"rendered":"<p>O candidato \u00e0 Presid\u00eancia da Rep\u00fablica Fl\u00e1vio Bolsonaro (PL) recebeu, nesta ter\u00e7a-feira (25), o t\u00edtulo de Cidad\u00e3o Honor\u00e1rio de Macei\u00f3 durante evento realizado na Associa\u00e7\u00e3o Comercial, no bairro de Jaragu\u00e1. A honraria foi concedida por iniciativa do vereador Leonardo Dias (PL), autor do projeto aprovado pela C\u00e2mara Municipal em mar\u00e7o de 2026. Segundo Leonardo Dias, [&hellip;]<\/p>\n","protected":false},"author":2,"featured_media":476,"comment_status":"closed","ping_status":"open","sticky":false,"template":"","format":"standard","meta":{"footnotes":""},"categories":[13,22],"tags":[],"class_list":["post-475","post","type-post","status-publish","format-standard","has-post-thumbnail","hentry","category-alagoas","category-politica"],"views":12,"_links":{"self":[{"href":"https:\/\/aloalagoas.com.br\/index.php?rest_route=\/wp\/v2\/posts\/475","targetHints":{"allow":["GET"]}}],"collection":[{"href":"https:\/\/aloalagoas.com.br\/index.php?rest_route=\/wp\/v2\/posts"}],"about":[{"href":"https:\/\/aloalagoas.com.br\/index.php?rest_route=\/wp\/v2\/types\/post"}],"author":[{"embeddable":true,"href":"https:\/\/aloalagoas.com.br\/index.php?rest_route=\/wp\/v2\/users\/2"}],"replies":[{"embeddable":true,"href":"https:\/\/aloalagoas.com.br\/index.php?rest_route=%2Fwp%2Fv2%2Fcomments&post=475"}],"version-history":[{"count":1,"href":"https:\/\/aloalagoas.com.br\/index.php?rest_route=\/wp\/v2\/posts\/475\/revisions"}],"predecessor-version":[{"id":477,"href":"https:\/\/aloalagoas.com.br\/index.php?rest_route=\/wp\/v2\/posts\/475\/revisions\/477"}],"wp:featuredmedia":[{"embeddable":true,"href":"https:\/\/aloalagoas.com.br\/index.php?rest_route=\/wp\/v2\/media\/476"}],"wp:attachment":[{"href":"https:\/\/aloalagoas.com.br\/index.php?rest_route=%2Fwp%2Fv2%2Fmedia&parent=475"}],"wp:term":[{"taxonomy":"category","embeddable":true,"href":"https:\/\/aloalagoas.com.br\/index.php?rest_route=%2Fwp%2Fv2%2Fcategories&post=475"},{"taxonomy":"post_tag","embeddable":true,"href":"https:\/\/aloalagoas.com.br\/index.php?rest_route=%2Fwp%2Fv2%2Ftags&post=475"}],"curies":[{"name":"wp","href":"https:\/\/api.w.org\/{rel}","templated":true}]}}