{"id":478,"date":"2026-08-28T13:05:28","date_gmt":"2026-08-28T16:05:28","guid":{"rendered":"https:\/\/aloalagoas.com.br\/?p=478"},"modified":"2026-08-28T13:05:28","modified_gmt":"2026-08-28T16:05:28","slug":"flavio-bolsonaro-agradece-a-leonardo-dias-por-titulo-de-cidadao-honorario-de-maceio","status":"publish","type":"post","link":"https:\/\/aloalagoas.com.br\/?p=478","title":{"rendered":"Fl\u00e1vio Bolsonaro agradece a Leonardo Dias por t\u00edtulo de cidad\u00e3o honor\u00e1rio de Macei\u00f3"},"content":{"rendered":"\n<p class=\"wp-block-paragraph\">O candidato \u00e0 Presid\u00eancia da Rep\u00fablica Fl\u00e1vio Bolsonaro agradeceu ao candidato a deputado estadual Leonardo Dias pela entrega do T\u00edtulo de Cidad\u00e3o Honor\u00e1rio de Macei\u00f3. O agradecimento foi feito durante uma live no YouTube, na noite desta quinta-feira (27).<\/p>\n\n\n\n<p class=\"wp-block-paragraph\">Durante a transmiss\u00e3o, Fl\u00e1vio citou a honraria concedida por iniciativa de Leonardo Dias e que foi entregue ao presidenci\u00e1vel na \u00faltima ter\u00e7a-feira (25), em um evento realizado na Associa\u00e7\u00e3o Comercial de Macei\u00f3.<\/p>\n\n\n\n<p class=\"wp-block-paragraph\">\u201cEu virei agora cidad\u00e3o de Macei\u00f3, oficialmente. Eu tenho dito por a\u00ed que eu vou ser o carioca mais nordestino que j\u00e1 viram em suas vidas. Ap\u00f3s essa recep\u00e7\u00e3o l\u00e1 em Alagoas, o t\u00edtulo dado pelo nosso Leonardo Dias\u201d, afirmou.<\/p>\n\n\n\n<p class=\"wp-block-paragraph\">Na semana passada, Fl\u00e1vio declarou apoio \u00e0 candidatura de Leonardo a deputado estadual. Em v\u00eddeo publicado nas redes sociais, o candidato \u00e0 Presid\u00eancia destacou a trajet\u00f3ria pol\u00edtica de Leonardo e afirmou que ele \u00e9 um \u201ccara de car\u00e1ter e de coragem\u201d.<\/p>\n\n\n\n<p class=\"wp-block-paragraph\">\u201cLeonardo Dias \u00e9 um guerreiro, patriota, que j\u00e1 veste a camisa do presidente Bolsonaro h\u00e1 muito tempo. Um grande defensor de Deus, P\u00e1tria, Fam\u00edlia e Liberdade. Para deputado estadual, pe\u00e7o o seu voto: 22.123\u201d, disse Fl\u00e1vio.<\/p>\n\n\n\n<p class=\"wp-block-paragraph\">Ainda durante a live desta quinta-feira, Fl\u00e1vio repercutiu a recep\u00e7\u00e3o que recebeu durante sua passagem por Alagoas.<\/p>\n\n\n\n<p class=\"wp-block-paragraph\">\u201cEu queria agradecer a voc\u00ea que \u00e9 de Alagoas. Foi um dos movimentos mais lindos que eu j\u00e1 presenciei em Macei\u00f3, uma recep\u00e7\u00e3o maravilhosa no aeroporto. Depois em Arapiraca. Uma recep\u00e7\u00e3o muito impressionante\u201d, concluiu.<br><br>Fonte:agora alagoas<\/p>\n","protected":false},"excerpt":{"rendered":"<p>O candidato \u00e0 Presid\u00eancia da Rep\u00fablica Fl\u00e1vio Bolsonaro agradeceu ao candidato a deputado estadual Leonardo Dias pela entrega do T\u00edtulo de Cidad\u00e3o Honor\u00e1rio de Macei\u00f3. O agradecimento foi feito durante uma live no YouTube, na noite desta quinta-feira (27). Durante a transmiss\u00e3o, Fl\u00e1vio citou a honraria concedida por iniciativa de Leonardo Dias e que foi [&hellip;]<\/p>\n","protected":false},"author":2,"featured_media":479,"comment_status":"closed","ping_status":"open","sticky":false,"template":"","format":"standard","meta":{"footnotes":""},"categories":[13,21],"tags":[],"class_list":["post-478","post","type-post","status-publish","format-standard","has-post-thumbnail","hentry","category-alagoas","category-destaque"],"views":7,"_links":{"self":[{"href":"https:\/\/aloalagoas.com.br\/index.php?rest_route=\/wp\/v2\/posts\/478","targetHints":{"allow":["GET"]}}],"collection":[{"href":"https:\/\/aloalagoas.com.br\/index.php?rest_route=\/wp\/v2\/posts"}],"about":[{"href":"https:\/\/aloalagoas.com.br\/index.php?rest_route=\/wp\/v2\/types\/post"}],"author":[{"embeddable":true,"href":"https:\/\/aloalagoas.com.br\/index.php?rest_route=\/wp\/v2\/users\/2"}],"replies":[{"embeddable":true,"href":"https:\/\/aloalagoas.com.br\/index.php?rest_route=%2Fwp%2Fv2%2Fcomments&post=478"}],"version-history":[{"count":1,"href":"https:\/\/aloalagoas.com.br\/index.php?rest_route=\/wp\/v2\/posts\/478\/revisions"}],"predecessor-version":[{"id":480,"href":"https:\/\/aloalagoas.com.br\/index.php?rest_route=\/wp\/v2\/posts\/478\/revisions\/480"}],"wp:featuredmedia":[{"embeddable":true,"href":"https:\/\/aloalagoas.com.br\/index.php?rest_route=\/wp\/v2\/media\/479"}],"wp:attachment":[{"href":"https:\/\/aloalagoas.com.br\/index.php?rest_route=%2Fwp%2Fv2%2Fmedia&parent=478"}],"wp:term":[{"taxonomy":"category","embeddable":true,"href":"https:\/\/aloalagoas.com.br\/index.php?rest_route=%2Fwp%2Fv2%2Fcategories&post=478"},{"taxonomy":"post_tag","embeddable":true,"href":"https:\/\/aloalagoas.com.br\/index.php?rest_route=%2Fwp%2Fv2%2Ftags&post=478"}],"curies":[{"name":"wp","href":"https:\/\/api.w.org\/{rel}","templated":true}]}}