{"id":481,"date":"2026-08-28T13:11:23","date_gmt":"2026-08-28T16:11:23","guid":{"rendered":"https:\/\/aloalagoas.com.br\/?p=481"},"modified":"2026-08-28T13:11:23","modified_gmt":"2026-08-28T16:11:23","slug":"rui-palmeira-reune-4-mil-pessoas-no-benedito-bentes-e-lanca-candidatura-a-deputado-federal","status":"publish","type":"post","link":"https:\/\/aloalagoas.com.br\/?p=481","title":{"rendered":"Rui Palmeira re\u00fane 4 mil pessoas no Benedito Bentes e lan\u00e7a candidatura a deputado federal"},"content":{"rendered":"\n<p class=\"wp-block-paragraph\"><em>Ao lado de Renan Filho e Renan Calheiros, Rui fez uma grande carreata e encerrou a noite com o lan\u00e7amento no Parque dos Caet\u00e9s<\/em><\/p>\n\n\n\n<p class=\"wp-block-paragraph\">O candidato a deputado federal Rui Palmeira (PSD), com o n\u00famero 5522, reuniu cerca de 4 mil pessoas no lan\u00e7amento de sua campanha, na noite desta quarta-feira (26), no Benedito Bentes. O evento contou com a participa\u00e7\u00e3o do candidato ao Governo de Alagoas Renan Filho (MDB) e do senador e candidato \u00e0 reelei\u00e7\u00e3o Renan Calheiros (MDB).<\/p>\n\n\n\n<p class=\"wp-block-paragraph\">A programa\u00e7\u00e3o come\u00e7ou com uma grande carreata, que saiu do Conjunto Luiz Pedro e percorreu ruas do Benedito Bentes at\u00e9 chegar ao Parque dos Caet\u00e9s, onde foi realizado o evento de lan\u00e7amento da candidatura.<\/p>\n\n\n\n<p class=\"wp-block-paragraph\">A escolha da regi\u00e3o para iniciar a caminhada n\u00e3o foi por acaso. Durante os oito anos em que esteve \u00e0 frente da Prefeitura de Macei\u00f3, Rui realizou importantes investimentos na parte alta da capital. Somente no Benedito Bentes, foram cerca de 5 mil moradias populares entregues, incluindo o pr\u00f3prio Conjunto Parque dos Caet\u00e9s, al\u00e9m de cinco creches e investimentos em pavimenta\u00e7\u00e3o e infraestrutura em diversos conjuntos.<\/p>\n\n\n\n<p class=\"wp-block-paragraph\">Rui tamb\u00e9m destacou a implanta\u00e7\u00e3o da UPA do Benedito Bentes, entregue durante sua gest\u00e3o em parceria com o ent\u00e3o governador Renan Filho, e lembrou que sua administra\u00e7\u00e3o foi respons\u00e1vel por ampliar a cobertura de sa\u00fade da capital com 18 novas unidades.<\/p>\n\n\n\n<p class=\"wp-block-paragraph\">\u201cMacei\u00f3 era a \u00fanica capital do Brasil que n\u00e3o tinha uma \u00fanica UPA. Eu e Renan Filho conversamos e, em pouco tempo, colocamos para funcionar primeiro a UPA do Trapiche e, logo depois, a UPA do Benedito Bentes\u201d, relembrou Rui.<\/p>\n\n\n\n<p class=\"wp-block-paragraph\">Durante o lan\u00e7amento, Renan Filho relembrou a trajet\u00f3ria pol\u00edtica que compartilhou com Rui e ressaltou que os dois estiveram em campos pol\u00edticos diferentes em outros momentos. Para ele, justamente por isso, seu apoio representa o reconhecimento da experi\u00eancia e da capacidade de Rui para representar Alagoas em Bras\u00edlia.<\/p>\n\n\n\n<p class=\"wp-block-paragraph\">\u201cN\u00f3s n\u00e3o estivemos do mesmo lado da pol\u00edtica em todos os momentos. Em alguns momentos, ficamos em campos opostos. Mas eu digo, sem medo de errar, que Rui Palmeira provou com seu trabalho que qualifica a bancada federal. O Rui deputado federal ganha Macei\u00f3 e ganha Alagoas\u201d, declarou Renan Filho.<\/p>\n\n\n\n<p class=\"wp-block-paragraph\">Rui tamb\u00e9m defendeu a candidatura de Renan Filho ao Governo de Alagoas e destacou sua experi\u00eancia administrativa e pol\u00edtica.<\/p>\n\n\n\n<p class=\"wp-block-paragraph\">\u201cAs pessoas precisam pensar e analisar o que est\u00e1 em jogo para Alagoas neste momento. No nosso lado, temos um candidato altamente preparado. Renan Filho j\u00e1 foi prefeito, deputado federal, senador, ministro e governador por dois mandatos, sempre bem avaliado. Do outro lado, temos o menino amarelo e mimado, que leva a bola para o racha da rua e, quando leva uma lapada, pega a bola e diz que o jogo acabou. N\u00e3o d\u00e1 para confiar o desenvolvimento e as contas p\u00fablicas do Estado a quem age assim\u201d, afirmou Rui.<\/p>\n\n\n\n<p class=\"wp-block-paragraph\">O senador Renan Calheiros tamb\u00e9m participou do ato e destacou as duas gest\u00f5es de Rui \u00e0 frente da Prefeitura de Macei\u00f3. \u201cRui foi um grande prefeito de Macei\u00f3, com duas gest\u00f5es bem avaliadas. Rui tem experi\u00eancia, e eu tenho muito orgulho e muita satisfa\u00e7\u00e3o de, nesta campanha, apoi\u00e1-lo na candidatura a deputado federal. Alagoas n\u00e3o pode abrir m\u00e3o do trabalho de Rui Palmeira na nossa representa\u00e7\u00e3o pol\u00edtica\u201d, afirmou Renan Calheiros.<\/p>\n\n\n\n<p class=\"wp-block-paragraph\"><em>Novo compromisso pelo Benedito Bentes<\/em><\/p>\n\n\n\n<p class=\"wp-block-paragraph\">Diante dos moradores do Parque dos Caet\u00e9s, Rui encerrou o evento assumindo um novo compromisso para a regi\u00e3o caso seja eleito deputado federal: destinar recursos para ampliar a assist\u00eancia \u00e0 sa\u00fade da popula\u00e7\u00e3o.<\/p>\n\n\n\n<p class=\"wp-block-paragraph\">\u201cN\u00e3o podia deixar de iniciar minha caminhada pela parte alta de Macei\u00f3. Por isso, escolhemos o Benedito Bentes e, aqui, o Parque dos Caet\u00e9s. Quero firmar um compromisso, governador Renan Filho: chegando mais uma vez \u00e0 C\u00e2mara Federal, vou apresentar emenda para construirmos aqui no Caet\u00e9s uma Cl\u00ednica da Fam\u00edlia para essa popula\u00e7\u00e3o que tanto precisa\u201d, afirmou.<\/p>\n\n\n\n<p class=\"wp-block-paragraph\">Ao final, Rui convocou os moradores do Benedito Bentes para as elei\u00e7\u00f5es do dia 4 de outubro e refor\u00e7ou a chapa que apoia. \u201cNo dia 4 de outubro, o Benedito Bentes vai votar 5522, Rui para deputado federal; 151, Renan Calheiros para senador; e 15, Renan Filho para governador. Vamos juntos para uma grande vit\u00f3ria\u201d, finalizou Rui.<\/p>\n\n\n\n<p class=\"wp-block-paragraph\">fonte: papo alagoas <\/p>\n\n\n\n<p class=\"wp-block-paragraph\"><\/p>\n","protected":false},"excerpt":{"rendered":"<p>Ao lado de Renan Filho e Renan Calheiros, Rui fez uma grande carreata e encerrou a noite com o lan\u00e7amento no Parque dos Caet\u00e9s O candidato a deputado federal Rui Palmeira (PSD), com o n\u00famero 5522, reuniu cerca de 4 mil pessoas no lan\u00e7amento de sua campanha, na noite desta quarta-feira (26), no Benedito Bentes. [&hellip;]<\/p>\n","protected":false},"author":2,"featured_media":482,"comment_status":"closed","ping_status":"open","sticky":false,"template":"","format":"standard","meta":{"footnotes":""},"categories":[13,21],"tags":[],"class_list":["post-481","post","type-post","status-publish","format-standard","has-post-thumbnail","hentry","category-alagoas","category-destaque"],"views":7,"_links":{"self":[{"href":"https:\/\/aloalagoas.com.br\/index.php?rest_route=\/wp\/v2\/posts\/481","targetHints":{"allow":["GET"]}}],"collection":[{"href":"https:\/\/aloalagoas.com.br\/index.php?rest_route=\/wp\/v2\/posts"}],"about":[{"href":"https:\/\/aloalagoas.com.br\/index.php?rest_route=\/wp\/v2\/types\/post"}],"author":[{"embeddable":true,"href":"https:\/\/aloalagoas.com.br\/index.php?rest_route=\/wp\/v2\/users\/2"}],"replies":[{"embeddable":true,"href":"https:\/\/aloalagoas.com.br\/index.php?rest_route=%2Fwp%2Fv2%2Fcomments&post=481"}],"version-history":[{"count":1,"href":"https:\/\/aloalagoas.com.br\/index.php?rest_route=\/wp\/v2\/posts\/481\/revisions"}],"predecessor-version":[{"id":483,"href":"https:\/\/aloalagoas.com.br\/index.php?rest_route=\/wp\/v2\/posts\/481\/revisions\/483"}],"wp:featuredmedia":[{"embeddable":true,"href":"https:\/\/aloalagoas.com.br\/index.php?rest_route=\/wp\/v2\/media\/482"}],"wp:attachment":[{"href":"https:\/\/aloalagoas.com.br\/index.php?rest_route=%2Fwp%2Fv2%2Fmedia&parent=481"}],"wp:term":[{"taxonomy":"category","embeddable":true,"href":"https:\/\/aloalagoas.com.br\/index.php?rest_route=%2Fwp%2Fv2%2Fcategories&post=481"},{"taxonomy":"post_tag","embeddable":true,"href":"https:\/\/aloalagoas.com.br\/index.php?rest_route=%2Fwp%2Fv2%2Ftags&post=481"}],"curies":[{"name":"wp","href":"https:\/\/api.w.org\/{rel}","templated":true}]}}