{"id":484,"date":"2026-08-28T13:16:34","date_gmt":"2026-08-28T16:16:34","guid":{"rendered":"https:\/\/aloalagoas.com.br\/?p=484"},"modified":"2026-08-28T13:16:34","modified_gmt":"2026-08-28T16:16:34","slug":"renan-santos-acusa-jornal-nacional-de-pegar-leve-com-lula-e-o-desafia-para-debate-nao-fugira-de-mim","status":"publish","type":"post","link":"https:\/\/aloalagoas.com.br\/?p=484","title":{"rendered":"Renan Santos acusa Jornal Nacional de &#8216;pegar leve&#8217; com Lula e o desafia para debate: &#8220;n\u00e3o fugir\u00e1 de mim&#8221;"},"content":{"rendered":"\n<p class=\"wp-block-paragraph\">O candidato \u00e0 Presid\u00eancia pela Miss\u00e3o, Renan Santos, criticou a condu\u00e7\u00e3o da sabatina de Luiz In\u00e1cio Lula da Silva (PT) no Jornal Nacional, realizada nessa quinta (27). O postulante da direita comparou a participa\u00e7\u00e3o do presidente com a sabatina pela qual passou no programa. Segundo ele, houve diferen\u00e7a nas condi\u00e7\u00f5es oferecidas aos entrevistados.<br><br>De acordo com Renan, durante sua participa\u00e7\u00e3o n\u00e3o havia pap\u00e9is sobre a mesa e ele tamb\u00e9m n\u00e3o poderia levar materiais para consultar. Na entrevista de Lula, por\u00e9m, o presidente teria levado \u201cum monte de papel\u201d para acompanhar as respostas. A situa\u00e7\u00e3o foi citada pelo candidato ao questionar o tratamento dado aos dois.<br><br>Renan tamb\u00e9m avaliou que Lula recebeu perguntas mais f\u00e1ceis durante a entrevista. Para ele, o presidente teria evitado situa\u00e7\u00f5es de contradit\u00f3rio ao longo da conversa. A cr\u00edtica foi direcionada \u00e0 forma como a sabatina foi conduzida pelos entrevistadores.<br><br>O candidato afirmou ainda que espera ter a oportunidade de enfrentar Lula em um debate. Segundo Renan, esse seria o momento para fazer perguntas diretamente ao presidente. Ele tamb\u00e9m pretende apresentar suas cr\u00edticas durante um eventual confronto entre os dois.<br><br>Fonte:Agora alagoas<\/p>\n","protected":false},"excerpt":{"rendered":"<p>O candidato \u00e0 Presid\u00eancia pela Miss\u00e3o, Renan Santos, criticou a condu\u00e7\u00e3o da sabatina de Luiz In\u00e1cio Lula da Silva (PT) no Jornal Nacional, realizada nessa quinta (27). O postulante da direita comparou a participa\u00e7\u00e3o do presidente com a sabatina pela qual passou no programa. Segundo ele, houve diferen\u00e7a nas condi\u00e7\u00f5es oferecidas aos entrevistados. De acordo [&hellip;]<\/p>\n","protected":false},"author":2,"featured_media":485,"comment_status":"closed","ping_status":"open","sticky":false,"template":"","format":"standard","meta":{"footnotes":""},"categories":[21,22],"tags":[],"class_list":["post-484","post","type-post","status-publish","format-standard","has-post-thumbnail","hentry","category-destaque","category-politica"],"views":7,"_links":{"self":[{"href":"https:\/\/aloalagoas.com.br\/index.php?rest_route=\/wp\/v2\/posts\/484","targetHints":{"allow":["GET"]}}],"collection":[{"href":"https:\/\/aloalagoas.com.br\/index.php?rest_route=\/wp\/v2\/posts"}],"about":[{"href":"https:\/\/aloalagoas.com.br\/index.php?rest_route=\/wp\/v2\/types\/post"}],"author":[{"embeddable":true,"href":"https:\/\/aloalagoas.com.br\/index.php?rest_route=\/wp\/v2\/users\/2"}],"replies":[{"embeddable":true,"href":"https:\/\/aloalagoas.com.br\/index.php?rest_route=%2Fwp%2Fv2%2Fcomments&post=484"}],"version-history":[{"count":1,"href":"https:\/\/aloalagoas.com.br\/index.php?rest_route=\/wp\/v2\/posts\/484\/revisions"}],"predecessor-version":[{"id":486,"href":"https:\/\/aloalagoas.com.br\/index.php?rest_route=\/wp\/v2\/posts\/484\/revisions\/486"}],"wp:featuredmedia":[{"embeddable":true,"href":"https:\/\/aloalagoas.com.br\/index.php?rest_route=\/wp\/v2\/media\/485"}],"wp:attachment":[{"href":"https:\/\/aloalagoas.com.br\/index.php?rest_route=%2Fwp%2Fv2%2Fmedia&parent=484"}],"wp:term":[{"taxonomy":"category","embeddable":true,"href":"https:\/\/aloalagoas.com.br\/index.php?rest_route=%2Fwp%2Fv2%2Fcategories&post=484"},{"taxonomy":"post_tag","embeddable":true,"href":"https:\/\/aloalagoas.com.br\/index.php?rest_route=%2Fwp%2Fv2%2Ftags&post=484"}],"curies":[{"name":"wp","href":"https:\/\/api.w.org\/{rel}","templated":true}]}}