{"id":487,"date":"2026-08-28T13:23:13","date_gmt":"2026-08-28T16:23:13","guid":{"rendered":"https:\/\/aloalagoas.com.br\/?p=487"},"modified":"2026-08-28T13:23:13","modified_gmt":"2026-08-28T16:23:13","slug":"flavio-critica-lula-apos-sabatina-no-jn-so-falta-ele-falar-que-o-lulinha-nao-e-filho-dele","status":"publish","type":"post","link":"https:\/\/aloalagoas.com.br\/?p=487","title":{"rendered":"Fl\u00e1vio critica Lula ap\u00f3s sabatina no JN:\u201d s\u00f3 falta ele falar que o Lulinha n\u00e3o \u00e9 filho dele\u201d"},"content":{"rendered":"\n<p class=\"wp-block-paragraph\">O senador Fl\u00e1vio Bolsonaro (PL) criticou o presidente Luiz In\u00e1cio Lula da Silva nesta sexta-feira (28), ap\u00f3s o petista defender o filho, F\u00e1bio Lu\u00eds Lula da Silva, conhecido como Lulinha, durante uma sabatina ao Jornal Nacional. Em v\u00eddeo divulgado pelo PL, Fl\u00e1vio ironizou a defesa feita pelo presidente e comentou a rela\u00e7\u00e3o entre os dois.<\/p>\n\n\n\n<p class=\"wp-block-paragraph\">\u201cS\u00f3 falta daqui a pouco ele falar que o Lulinha tamb\u00e9m n\u00e3o \u00e9 filho dele\u201d, afirmou o senador. Fl\u00e1vio ainda levantou questionamentos sobre o crescimento do patrim\u00f4nio do empres\u00e1rio e sua perman\u00eancia fora do Brasil, sugerindo que ele poderia estar evitando as investiga\u00e7\u00f5es.<\/p>\n\n\n\n<p class=\"wp-block-paragraph\">\u201cEle n\u00e3o est\u00e1 fugindo de alguma coisa, Lula, seu filho?\u201d, declarou. Lulinha \u00e9 investigado por suspeitas relacionadas \u00e0 atua\u00e7\u00e3o da lobista Roberta Luchsinger e nega qualquer irregularidade. Durante a entrevista \u00e0 TV Globo, Lula afirmou que mensagens encontradas em celulares n\u00e3o s\u00e3o suficientes para comprovar crimes e disse que, at\u00e9 o momento, n\u00e3o existem provas contra o filho.<br><br>Fonte:Agora Alagoas<\/p>\n","protected":false},"excerpt":{"rendered":"<p>O senador Fl\u00e1vio Bolsonaro (PL) criticou o presidente Luiz In\u00e1cio Lula da Silva nesta sexta-feira (28), ap\u00f3s o petista defender o filho, F\u00e1bio Lu\u00eds Lula da Silva, conhecido como Lulinha, durante uma sabatina ao Jornal Nacional. Em v\u00eddeo divulgado pelo PL, Fl\u00e1vio ironizou a defesa feita pelo presidente e comentou a rela\u00e7\u00e3o entre os dois. [&hellip;]<\/p>\n","protected":false},"author":2,"featured_media":447,"comment_status":"closed","ping_status":"open","sticky":false,"template":"","format":"standard","meta":{"footnotes":""},"categories":[21,22],"tags":[],"class_list":["post-487","post","type-post","status-publish","format-standard","has-post-thumbnail","hentry","category-destaque","category-politica"],"views":7,"_links":{"self":[{"href":"https:\/\/aloalagoas.com.br\/index.php?rest_route=\/wp\/v2\/posts\/487","targetHints":{"allow":["GET"]}}],"collection":[{"href":"https:\/\/aloalagoas.com.br\/index.php?rest_route=\/wp\/v2\/posts"}],"about":[{"href":"https:\/\/aloalagoas.com.br\/index.php?rest_route=\/wp\/v2\/types\/post"}],"author":[{"embeddable":true,"href":"https:\/\/aloalagoas.com.br\/index.php?rest_route=\/wp\/v2\/users\/2"}],"replies":[{"embeddable":true,"href":"https:\/\/aloalagoas.com.br\/index.php?rest_route=%2Fwp%2Fv2%2Fcomments&post=487"}],"version-history":[{"count":1,"href":"https:\/\/aloalagoas.com.br\/index.php?rest_route=\/wp\/v2\/posts\/487\/revisions"}],"predecessor-version":[{"id":488,"href":"https:\/\/aloalagoas.com.br\/index.php?rest_route=\/wp\/v2\/posts\/487\/revisions\/488"}],"wp:featuredmedia":[{"embeddable":true,"href":"https:\/\/aloalagoas.com.br\/index.php?rest_route=\/wp\/v2\/media\/447"}],"wp:attachment":[{"href":"https:\/\/aloalagoas.com.br\/index.php?rest_route=%2Fwp%2Fv2%2Fmedia&parent=487"}],"wp:term":[{"taxonomy":"category","embeddable":true,"href":"https:\/\/aloalagoas.com.br\/index.php?rest_route=%2Fwp%2Fv2%2Fcategories&post=487"},{"taxonomy":"post_tag","embeddable":true,"href":"https:\/\/aloalagoas.com.br\/index.php?rest_route=%2Fwp%2Fv2%2Ftags&post=487"}],"curies":[{"name":"wp","href":"https:\/\/api.w.org\/{rel}","templated":true}]}}