{"id":495,"date":"2026-09-03T10:23:11","date_gmt":"2026-09-03T13:23:11","guid":{"rendered":"https:\/\/aloalagoas.com.br\/?p=495"},"modified":"2026-09-03T10:23:11","modified_gmt":"2026-09-03T13:23:11","slug":"abertura-do-jornal-nacional-que-cita-moraes-ganha-repercussao-e-provoca-debate","status":"publish","type":"post","link":"https:\/\/aloalagoas.com.br\/?p=495","title":{"rendered":"Abertura do Jornal Nacional que cita Moraes ganha repercuss\u00e3o e provoca debate"},"content":{"rendered":"\n<p class=\"wp-block-paragraph\">A edi\u00e7\u00e3o desta semana do Jornal Nacional chamou aten\u00e7\u00e3o logo na abertura ao destacar informa\u00e7\u00f5es envolvendo o ministro Alexandre de Moraes e o caso do Banco Master. A reportagem trouxe novos detalhes sobre as mensagens trocadas entre Moraes e o empres\u00e1rio Daniel Vorcaro, al\u00e9m de pontos relacionados \u00e0s investiga\u00e7\u00f5es sobre a institui\u00e7\u00e3o financeira.<\/p>\n\n\n\n<p class=\"wp-block-paragraph\">O tema ganhou repercuss\u00e3o tamb\u00e9m pela forma como foi colocado no in\u00edcio do telejornal, o que acabou despertando a aten\u00e7\u00e3o do p\u00fablico e gerando coment\u00e1rios nas redes sociais. As informa\u00e7\u00f5es apresentadas levantaram debates sobre o conte\u00fado das mensagens e sobre os poss\u00edveis pr\u00f3ximos passos das investiga\u00e7\u00f5es.<\/p>\n\n\n\n<p class=\"wp-block-paragraph\">Foi uma abertura que acabou se destacando entre os assuntos da edi\u00e7\u00e3o e mostrou como determinados casos podem ganhar ainda mais repercuss\u00e3o dependendo da maneira como s\u00e3o apresentados.<br><br>Fonte:Agora Alagoas <\/p>\n","protected":false},"excerpt":{"rendered":"<p>A edi\u00e7\u00e3o desta semana do Jornal Nacional chamou aten\u00e7\u00e3o logo na abertura ao destacar informa\u00e7\u00f5es envolvendo o ministro Alexandre de Moraes e o caso do Banco Master. A reportagem trouxe novos detalhes sobre as mensagens trocadas entre Moraes e o empres\u00e1rio Daniel Vorcaro, al\u00e9m de pontos relacionados \u00e0s investiga\u00e7\u00f5es sobre a institui\u00e7\u00e3o financeira. O tema [&hellip;]<\/p>\n","protected":false},"author":2,"featured_media":496,"comment_status":"closed","ping_status":"open","sticky":false,"template":"","format":"standard","meta":{"footnotes":""},"categories":[21,22],"tags":[],"class_list":["post-495","post","type-post","status-publish","format-standard","has-post-thumbnail","hentry","category-destaque","category-politica"],"views":6,"_links":{"self":[{"href":"https:\/\/aloalagoas.com.br\/index.php?rest_route=\/wp\/v2\/posts\/495","targetHints":{"allow":["GET"]}}],"collection":[{"href":"https:\/\/aloalagoas.com.br\/index.php?rest_route=\/wp\/v2\/posts"}],"about":[{"href":"https:\/\/aloalagoas.com.br\/index.php?rest_route=\/wp\/v2\/types\/post"}],"author":[{"embeddable":true,"href":"https:\/\/aloalagoas.com.br\/index.php?rest_route=\/wp\/v2\/users\/2"}],"replies":[{"embeddable":true,"href":"https:\/\/aloalagoas.com.br\/index.php?rest_route=%2Fwp%2Fv2%2Fcomments&post=495"}],"version-history":[{"count":1,"href":"https:\/\/aloalagoas.com.br\/index.php?rest_route=\/wp\/v2\/posts\/495\/revisions"}],"predecessor-version":[{"id":497,"href":"https:\/\/aloalagoas.com.br\/index.php?rest_route=\/wp\/v2\/posts\/495\/revisions\/497"}],"wp:featuredmedia":[{"embeddable":true,"href":"https:\/\/aloalagoas.com.br\/index.php?rest_route=\/wp\/v2\/media\/496"}],"wp:attachment":[{"href":"https:\/\/aloalagoas.com.br\/index.php?rest_route=%2Fwp%2Fv2%2Fmedia&parent=495"}],"wp:term":[{"taxonomy":"category","embeddable":true,"href":"https:\/\/aloalagoas.com.br\/index.php?rest_route=%2Fwp%2Fv2%2Fcategories&post=495"},{"taxonomy":"post_tag","embeddable":true,"href":"https:\/\/aloalagoas.com.br\/index.php?rest_route=%2Fwp%2Fv2%2Ftags&post=495"}],"curies":[{"name":"wp","href":"https:\/\/api.w.org\/{rel}","templated":true}]}}