{"id":501,"date":"2026-09-03T10:32:11","date_gmt":"2026-09-03T13:32:11","guid":{"rendered":"https:\/\/aloalagoas.com.br\/?p=501"},"modified":"2026-09-03T10:32:11","modified_gmt":"2026-09-03T13:32:11","slug":"ministros-do-stf-ignoram-crise-envolvendo-moraes-em-primeira-sessao-apos-revelacao-de-relatorio-com-mensagens-de-vorcaro","status":"publish","type":"post","link":"https:\/\/aloalagoas.com.br\/?p=501","title":{"rendered":"Ministros do STF ignoram crise envolvendo Moraes em primeira sess\u00e3o ap\u00f3s revela\u00e7\u00e3o de relat\u00f3rio com mensagens de Vorcaro"},"content":{"rendered":"\n<p class=\"wp-block-paragraph\">Ministros do Supremo Tribunal Federal (STF) evitaram comentar, nesta quarta-feira (2), a crise envolvendo a Corte ap\u00f3s o ministro Andr\u00e9 Mendon\u00e7a retirar o sigilo de um relat\u00f3rio da Pol\u00edcia Federal que detalha a rela\u00e7\u00e3o entre o ministro Alexandre de Moraes e o banqueiro Daniel Vorcaro, do Banco Master.<\/p>\n\n\n\n<p class=\"wp-block-paragraph\">A sess\u00e3o foi a primeira do STF ap\u00f3s a divulga\u00e7\u00e3o de mensagens enviadas por Vorcaro a Moraes. Apesar da repercuss\u00e3o do caso, nenhum ministro fez manifesta\u00e7\u00e3o p\u00fablica sobre o assunto no plen\u00e1rio. Os magistrados mantiveram a pauta prevista e analisaram dois processos relacionados a quest\u00f5es tribut\u00e1rias, em uma sess\u00e3o marcada pela aparente normalidade.<\/p>\n\n\n\n<p class=\"wp-block-paragraph\">O clima nos bastidores, por\u00e9m, \u00e9 diferente. Segundo um ministro ouvido pelo jornal&nbsp;<em>O Globo<\/em>&nbsp;sob condi\u00e7\u00e3o de anonimato, o ambiente na Corte est\u00e1 \u201ctenso\u201d diante dos \u00faltimos desdobramentos envolvendo o caso Master. A seguran\u00e7a tamb\u00e9m foi refor\u00e7ada no Supremo, com um n\u00famero maior de policiais judiciais no Sal\u00e3o Branco e ministros circulando acompanhados por mais seguran\u00e7as.<\/p>\n\n\n\n<p class=\"wp-block-paragraph\">O relat\u00f3rio da PF foi produzido por determina\u00e7\u00e3o de Andr\u00e9 Mendon\u00e7a, relator das investiga\u00e7\u00f5es sobre o Banco Master. O documento re\u00fane di\u00e1logos que fazem refer\u00eancias a Alexandre de Moraes, al\u00e9m do procurador-geral da Rep\u00fablica, Paulo Gonet, e do diretor-geral da Pol\u00edcia Federal, Andrei Rodrigues.<\/p>\n\n\n\n<p class=\"wp-block-paragraph\">Fonte:Agora Alagoas <\/p>\n","protected":false},"excerpt":{"rendered":"<p>Ministros do Supremo Tribunal Federal (STF) evitaram comentar, nesta quarta-feira (2), a crise envolvendo a Corte ap\u00f3s o ministro Andr\u00e9 Mendon\u00e7a retirar o sigilo de um relat\u00f3rio da Pol\u00edcia Federal que detalha a rela\u00e7\u00e3o entre o ministro Alexandre de Moraes e o banqueiro Daniel Vorcaro, do Banco Master. A sess\u00e3o foi a primeira do STF [&hellip;]<\/p>\n","protected":false},"author":2,"featured_media":502,"comment_status":"closed","ping_status":"open","sticky":false,"template":"","format":"standard","meta":{"footnotes":""},"categories":[21,22],"tags":[],"class_list":["post-501","post","type-post","status-publish","format-standard","has-post-thumbnail","hentry","category-destaque","category-politica"],"views":5,"_links":{"self":[{"href":"https:\/\/aloalagoas.com.br\/index.php?rest_route=\/wp\/v2\/posts\/501","targetHints":{"allow":["GET"]}}],"collection":[{"href":"https:\/\/aloalagoas.com.br\/index.php?rest_route=\/wp\/v2\/posts"}],"about":[{"href":"https:\/\/aloalagoas.com.br\/index.php?rest_route=\/wp\/v2\/types\/post"}],"author":[{"embeddable":true,"href":"https:\/\/aloalagoas.com.br\/index.php?rest_route=\/wp\/v2\/users\/2"}],"replies":[{"embeddable":true,"href":"https:\/\/aloalagoas.com.br\/index.php?rest_route=%2Fwp%2Fv2%2Fcomments&post=501"}],"version-history":[{"count":1,"href":"https:\/\/aloalagoas.com.br\/index.php?rest_route=\/wp\/v2\/posts\/501\/revisions"}],"predecessor-version":[{"id":503,"href":"https:\/\/aloalagoas.com.br\/index.php?rest_route=\/wp\/v2\/posts\/501\/revisions\/503"}],"wp:featuredmedia":[{"embeddable":true,"href":"https:\/\/aloalagoas.com.br\/index.php?rest_route=\/wp\/v2\/media\/502"}],"wp:attachment":[{"href":"https:\/\/aloalagoas.com.br\/index.php?rest_route=%2Fwp%2Fv2%2Fmedia&parent=501"}],"wp:term":[{"taxonomy":"category","embeddable":true,"href":"https:\/\/aloalagoas.com.br\/index.php?rest_route=%2Fwp%2Fv2%2Fcategories&post=501"},{"taxonomy":"post_tag","embeddable":true,"href":"https:\/\/aloalagoas.com.br\/index.php?rest_route=%2Fwp%2Fv2%2Ftags&post=501"}],"curies":[{"name":"wp","href":"https:\/\/api.w.org\/{rel}","templated":true}]}}